{"id":21455,"date":"2025-05-19T22:31:46","date_gmt":"2025-05-19T20:31:46","guid":{"rendered":"https:\/\/www.lo.internetdsl.pl\/?p=21455"},"modified":"2025-05-19T22:31:46","modified_gmt":"2025-05-19T20:31:46","slug":"profilaktyka-zakazen-hiv","status":"publish","type":"post","link":"https:\/\/www.lo.internetdsl.pl\/?p=21455","title":{"rendered":"Profilaktyka zaka\u017ce\u0144 HIV"},"content":{"rendered":"\n<p>W dniu 19 i 20.05.2025 r. odby\u0142y si\u0119 spotkania edukacyjne z uczniami klas III w I LO w Starogardzie Gda\u0144skim w ramach obchod\u00f3w Wiosennego Europejskiego Tygodnia Testowania 19-26.05.2025 r. <\/p>\n\n\n\n<p>Om\u00f3wiono profilaktyk\u0119 zaka\u017ce\u0144 HIV ze szczeg\u00f3lnym naciskiem na ochron\u0119 w\u0142asnego zdrowia, drogi zaka\u017cenia HIV, inne choroby przenoszone droga p\u0142ciow\u0105, sposoby zapobiegania zaka\u017ceniom, zjawisko stygmatyzacji, testowanie w kierunku HIV oraz o rzetelne \u017ar\u00f3d\u0142a informacji na ten temat.<\/p>\n\n\n\n<figure class=\"wp-block-gallery columns-5 is-cropped\"><ul class=\"blocks-gallery-grid\"><li class=\"blocks-gallery-item\"><figure><a href=\"https:\/\/www.lo.internetdsl.pl\/wp-content\/uploads\/Multimedia-4.jpg\" rel=\"lightbox[21455]\"><img loading=\"lazy\" width=\"1024\" height=\"576\" src=\"https:\/\/www.lo.internetdsl.pl\/wp-content\/uploads\/Multimedia-4-1024x576.jpg\" alt=\"\" data-id=\"21456\" data-full-url=\"https:\/\/www.lo.internetdsl.pl\/wp-content\/uploads\/Multimedia-4.jpg\" data-link=\"https:\/\/www.lo.internetdsl.pl\/?attachment_id=21456\" class=\"wp-image-21456\" srcset=\"https:\/\/www.lo.internetdsl.pl\/wp-content\/uploads\/Multimedia-4-1024x576.jpg 1024w, https:\/\/www.lo.internetdsl.pl\/wp-content\/uploads\/Multimedia-4-300x169.jpg 300w, https:\/\/www.lo.internetdsl.pl\/wp-content\/uploads\/Multimedia-4-768x432.jpg 768w, https:\/\/www.lo.internetdsl.pl\/wp-content\/uploads\/Multimedia-4-1536x864.jpg 1536w, https:\/\/www.lo.internetdsl.pl\/wp-content\/uploads\/Multimedia-4.jpg 1919w\" sizes=\"(max-width: 1024px) 100vw, 1024px\" \/><\/a><\/figure><\/li><li class=\"blocks-gallery-item\"><figure><a href=\"https:\/\/www.lo.internetdsl.pl\/wp-content\/uploads\/nie-mozna-zakazic-sie-HIV-podczas_.jpg\" rel=\"lightbox[21455]\"><img loading=\"lazy\" width=\"1024\" height=\"576\" src=\"https:\/\/www.lo.internetdsl.pl\/wp-content\/uploads\/nie-mozna-zakazic-sie-HIV-podczas_-1024x576.jpg\" alt=\"\" data-id=\"21457\" data-full-url=\"https:\/\/www.lo.internetdsl.pl\/wp-content\/uploads\/nie-mozna-zakazic-sie-HIV-podczas_.jpg\" data-link=\"https:\/\/www.lo.internetdsl.pl\/?attachment_id=21457\" class=\"wp-image-21457\" srcset=\"https:\/\/www.lo.internetdsl.pl\/wp-content\/uploads\/nie-mozna-zakazic-sie-HIV-podczas_-1024x576.jpg 1024w, https:\/\/www.lo.internetdsl.pl\/wp-content\/uploads\/nie-mozna-zakazic-sie-HIV-podczas_-300x169.jpg 300w, https:\/\/www.lo.internetdsl.pl\/wp-content\/uploads\/nie-mozna-zakazic-sie-HIV-podczas_-768x432.jpg 768w, https:\/\/www.lo.internetdsl.pl\/wp-content\/uploads\/nie-mozna-zakazic-sie-HIV-podczas_.jpg 1280w\" sizes=\"(max-width: 1024px) 100vw, 1024px\" \/><\/a><\/figure><\/li><li class=\"blocks-gallery-item\"><figure><a href=\"https:\/\/www.lo.internetdsl.pl\/wp-content\/uploads\/PKD-na-aids.gov_.pl_.jpg\" rel=\"lightbox[21455]\"><img loading=\"lazy\" width=\"1024\" height=\"576\" src=\"https:\/\/www.lo.internetdsl.pl\/wp-content\/uploads\/PKD-na-aids.gov_.pl_-1024x576.jpg\" alt=\"\" data-id=\"21458\" data-full-url=\"https:\/\/www.lo.internetdsl.pl\/wp-content\/uploads\/PKD-na-aids.gov_.pl_.jpg\" data-link=\"https:\/\/www.lo.internetdsl.pl\/?attachment_id=21458\" class=\"wp-image-21458\" srcset=\"https:\/\/www.lo.internetdsl.pl\/wp-content\/uploads\/PKD-na-aids.gov_.pl_-1024x576.jpg 1024w, https:\/\/www.lo.internetdsl.pl\/wp-content\/uploads\/PKD-na-aids.gov_.pl_-300x169.jpg 300w, https:\/\/www.lo.internetdsl.pl\/wp-content\/uploads\/PKD-na-aids.gov_.pl_-768x432.jpg 768w, https:\/\/www.lo.internetdsl.pl\/wp-content\/uploads\/PKD-na-aids.gov_.pl_.jpg 1280w\" sizes=\"(max-width: 1024px) 100vw, 1024px\" \/><\/a><\/figure><\/li><li class=\"blocks-gallery-item\"><figure><a href=\"https:\/\/www.lo.internetdsl.pl\/wp-content\/uploads\/ulotki-broszury-rotated.jpg\" rel=\"lightbox[21455]\"><img loading=\"lazy\" width=\"1024\" height=\"768\" src=\"https:\/\/www.lo.internetdsl.pl\/wp-content\/uploads\/ulotki-broszury-1024x768.jpg\" alt=\"\" data-id=\"21459\" data-full-url=\"https:\/\/www.lo.internetdsl.pl\/wp-content\/uploads\/ulotki-broszury-rotated.jpg\" data-link=\"https:\/\/www.lo.internetdsl.pl\/?attachment_id=21459\" class=\"wp-image-21459\" srcset=\"https:\/\/www.lo.internetdsl.pl\/wp-content\/uploads\/ulotki-broszury-1024x768.jpg 1024w, https:\/\/www.lo.internetdsl.pl\/wp-content\/uploads\/ulotki-broszury-300x225.jpg 300w, https:\/\/www.lo.internetdsl.pl\/wp-content\/uploads\/ulotki-broszury-768x576.jpg 768w, https:\/\/www.lo.internetdsl.pl\/wp-content\/uploads\/ulotki-broszury-1536x1152.jpg 1536w, https:\/\/www.lo.internetdsl.pl\/wp-content\/uploads\/ulotki-broszury-rotated.jpg 2000w\" sizes=\"(max-width: 1024px) 100vw, 1024px\" \/><\/a><\/figure><\/li><li class=\"blocks-gallery-item\"><figure><a href=\"https:\/\/www.lo.internetdsl.pl\/wp-content\/uploads\/Wiosenny-Europejski-Tydzien-Testowania-2025.png\" rel=\"lightbox[21455]\"><img loading=\"lazy\" width=\"1024\" height=\"576\" src=\"https:\/\/www.lo.internetdsl.pl\/wp-content\/uploads\/Wiosenny-Europejski-Tydzien-Testowania-2025-1024x576.png\" alt=\"\" data-id=\"21460\" data-full-url=\"https:\/\/www.lo.internetdsl.pl\/wp-content\/uploads\/Wiosenny-Europejski-Tydzien-Testowania-2025.png\" data-link=\"https:\/\/www.lo.internetdsl.pl\/?attachment_id=21460\" class=\"wp-image-21460\" srcset=\"https:\/\/www.lo.internetdsl.pl\/wp-content\/uploads\/Wiosenny-Europejski-Tydzien-Testowania-2025-1024x576.png 1024w, https:\/\/www.lo.internetdsl.pl\/wp-content\/uploads\/Wiosenny-Europejski-Tydzien-Testowania-2025-300x169.png 300w, https:\/\/www.lo.internetdsl.pl\/wp-content\/uploads\/Wiosenny-Europejski-Tydzien-Testowania-2025-768x432.png 768w, https:\/\/www.lo.internetdsl.pl\/wp-content\/uploads\/Wiosenny-Europejski-Tydzien-Testowania-2025.png 1280w\" sizes=\"(max-width: 1024px) 100vw, 1024px\" \/><\/a><\/figure><\/li><\/ul><\/figure>\n","protected":false},"excerpt":{"rendered":"<p>W dniu 19 i 20.05.2025 r. odby\u0142y si\u0119 spotkania edukacyjne z uczniami klas III w I LO w Starogardzie Gda\u0144skim w ramach obchod\u00f3w Wiosennego Europejskiego Tygodnia Testowania 19-26.05.2025 r. Om\u00f3wiono &hellip; <a href=\"https:\/\/www.lo.internetdsl.pl\/?p=21455\" class=\"more-link\">Read More<\/a><\/p>\n","protected":false},"author":1,"featured_media":21456,"comment_status":"closed","ping_status":"closed","sticky":false,"template":"","format":"standard","meta":{"ngg_post_thumbnail":0},"categories":[4,21],"tags":[],"_links":{"self":[{"href":"https:\/\/www.lo.internetdsl.pl\/index.php?rest_route=\/wp\/v2\/posts\/21455"}],"collection":[{"href":"https:\/\/www.lo.internetdsl.pl\/index.php?rest_route=\/wp\/v2\/posts"}],"about":[{"href":"https:\/\/www.lo.internetdsl.pl\/index.php?rest_route=\/wp\/v2\/types\/post"}],"author":[{"embeddable":true,"href":"https:\/\/www.lo.internetdsl.pl\/index.php?rest_route=\/wp\/v2\/users\/1"}],"replies":[{"embeddable":true,"href":"https:\/\/www.lo.internetdsl.pl\/index.php?rest_route=%2Fwp%2Fv2%2Fcomments&post=21455"}],"version-history":[{"count":0,"href":"https:\/\/www.lo.internetdsl.pl\/index.php?rest_route=\/wp\/v2\/posts\/21455\/revisions"}],"wp:featuredmedia":[{"embeddable":true,"href":"https:\/\/www.lo.internetdsl.pl\/index.php?rest_route=\/wp\/v2\/media\/21456"}],"wp:attachment":[{"href":"https:\/\/www.lo.internetdsl.pl\/index.php?rest_route=%2Fwp%2Fv2%2Fmedia&parent=21455"}],"wp:term":[{"taxonomy":"category","embeddable":true,"href":"https:\/\/www.lo.internetdsl.pl\/index.php?rest_route=%2Fwp%2Fv2%2Fcategories&post=21455"},{"taxonomy":"post_tag","embeddable":true,"href":"https:\/\/www.lo.internetdsl.pl\/index.php?rest_route=%2Fwp%2Fv2%2Ftags&post=21455"}],"curies":[{"name":"wp","href":"https:\/\/api.w.org\/{rel}","templated":true}]}}