{"id":21130,"date":"2025-03-16T22:11:29","date_gmt":"2025-03-16T21:11:29","guid":{"rendered":"https:\/\/www.lo.internetdsl.pl\/?p=21130"},"modified":"2025-03-16T22:11:29","modified_gmt":"2025-03-16T21:11:29","slug":"dzien-otwarty-i-lo-21-marca","status":"publish","type":"post","link":"https:\/\/www.lo.internetdsl.pl\/?p=21130","title":{"rendered":"Dzie\u0144 Otwarty I LO 21 marca"},"content":{"rendered":"\n<p>Zapraszamy wszystkich na Dzie\u0144 Otwarty I LO naszego czerwonego og\u00f3lniaka, ju\u017c w ten <strong>pi\u0105tek 21 marca (godz. 10:00-12:00).<\/strong><\/p>\n\n\n\n<p>Sp\u0119d\u017acie pierwszy dzie\u0144 wiosny w naszej radosnej szkole.<\/p>\n\n\n\n<p>A my dla Was:<\/p>\n\n\n\n<ul><li>wrzucimy co\u015b na ruszt<\/li><li>pocz\u0119stujemy Was s\u0142odko\u015bciami<\/li><li>oprowadzimy po szkole<\/li><li>poka\u017cemy nasze nowoczesne sale<\/li><li>podzielimy si\u0119 z Wami pozytywn\u0105 energi\u0105 naszych uczni\u00f3w i nauczycieli<\/li><li>zobaczycie pokazy chemiczne<\/li><li>do\u015bwiadczenia fizyczne<\/li><li>i jeszcze&#8230; ale o tym przekonacie si\u0119 po przekroczeniu naszych magicznych, zielonych, najwi\u0119kszych drzwi, jakie przysz\u0142o Wam otwiera\u0107<\/li><\/ul>\n\n\n\n<p><strong>Czekamy na Was 10:00 &#8211; 12:00<\/strong>.<\/p>\n\n\n\n<figure class=\"wp-block-gallery columns-1 is-cropped\"><ul class=\"blocks-gallery-grid\"><li class=\"blocks-gallery-item\"><figure><img loading=\"lazy\" width=\"724\" height=\"1024\" src=\"https:\/\/www.lo.internetdsl.pl\/wp-content\/uploads\/Nowe-klasy-2025-724x1024.png\" alt=\"\" data-id=\"20705\" data-full-url=\"https:\/\/www.lo.internetdsl.pl\/wp-content\/uploads\/Nowe-klasy-2025.png\" data-link=\"https:\/\/www.lo.internetdsl.pl\/?attachment_id=20705\" class=\"wp-image-20705\" srcset=\"https:\/\/www.lo.internetdsl.pl\/wp-content\/uploads\/Nowe-klasy-2025-724x1024.png 724w, https:\/\/www.lo.internetdsl.pl\/wp-content\/uploads\/Nowe-klasy-2025-212x300.png 212w, https:\/\/www.lo.internetdsl.pl\/wp-content\/uploads\/Nowe-klasy-2025-768x1086.png 768w, https:\/\/www.lo.internetdsl.pl\/wp-content\/uploads\/Nowe-klasy-2025-1086x1536.png 1086w, https:\/\/www.lo.internetdsl.pl\/wp-content\/uploads\/Nowe-klasy-2025.png 1414w\" sizes=\"(max-width: 724px) 100vw, 724px\" \/><\/figure><\/li><\/ul><\/figure>\n","protected":false},"excerpt":{"rendered":"<p>Zapraszamy wszystkich na Dzie\u0144 Otwarty I LO naszego czerwonego og\u00f3lniaka, ju\u017c w ten pi\u0105tek 21 marca (godz. 10:00-12:00). Sp\u0119d\u017acie pierwszy dzie\u0144 wiosny w naszej radosnej szkole. A my dla Was: &hellip; <a href=\"https:\/\/www.lo.internetdsl.pl\/?p=21130\" class=\"more-link\">Read More<\/a><\/p>\n","protected":false},"author":1,"featured_media":21131,"comment_status":"closed","ping_status":"closed","sticky":false,"template":"","format":"standard","meta":{"ngg_post_thumbnail":0},"categories":[4],"tags":[],"_links":{"self":[{"href":"https:\/\/www.lo.internetdsl.pl\/index.php?rest_route=\/wp\/v2\/posts\/21130"}],"collection":[{"href":"https:\/\/www.lo.internetdsl.pl\/index.php?rest_route=\/wp\/v2\/posts"}],"about":[{"href":"https:\/\/www.lo.internetdsl.pl\/index.php?rest_route=\/wp\/v2\/types\/post"}],"author":[{"embeddable":true,"href":"https:\/\/www.lo.internetdsl.pl\/index.php?rest_route=\/wp\/v2\/users\/1"}],"replies":[{"embeddable":true,"href":"https:\/\/www.lo.internetdsl.pl\/index.php?rest_route=%2Fwp%2Fv2%2Fcomments&post=21130"}],"version-history":[{"count":0,"href":"https:\/\/www.lo.internetdsl.pl\/index.php?rest_route=\/wp\/v2\/posts\/21130\/revisions"}],"wp:featuredmedia":[{"embeddable":true,"href":"https:\/\/www.lo.internetdsl.pl\/index.php?rest_route=\/wp\/v2\/media\/21131"}],"wp:attachment":[{"href":"https:\/\/www.lo.internetdsl.pl\/index.php?rest_route=%2Fwp%2Fv2%2Fmedia&parent=21130"}],"wp:term":[{"taxonomy":"category","embeddable":true,"href":"https:\/\/www.lo.internetdsl.pl\/index.php?rest_route=%2Fwp%2Fv2%2Fcategories&post=21130"},{"taxonomy":"post_tag","embeddable":true,"href":"https:\/\/www.lo.internetdsl.pl\/index.php?rest_route=%2Fwp%2Fv2%2Ftags&post=21130"}],"curies":[{"name":"wp","href":"https:\/\/api.w.org\/{rel}","templated":true}]}}