{"id":18535,"date":"2023-12-03T13:31:39","date_gmt":"2023-12-03T12:31:39","guid":{"rendered":"https:\/\/www.lo.internetdsl.pl\/?p=18535"},"modified":"2023-12-03T13:31:39","modified_gmt":"2023-12-03T12:31:39","slug":"wydarzenia-najblizszych-dni","status":"publish","type":"post","link":"https:\/\/www.lo.internetdsl.pl\/?p=18535","title":{"rendered":"Wydarzenia najbli\u017cszych dni"},"content":{"rendered":"\n<p>Powoli zbli\u017camy si\u0119 do ko\u0144ca roku kalendarzowego i do ko\u0144ca roku szkolnego. W tych dw\u00f3ch ostatnich miesi\u0105cach czeka nas du\u017co atrakcji. Co si\u0119 wydarzy?<\/p>\n\n\n\n<ul><li>Ju\u017c od <strong>poniedzia\u0142ku 4 grudnia<\/strong> b\u0119dziemy dekorowa\u0107 szko\u0142\u0119, pojawi\u0105 si\u0119 ozdoby \u015bwi\u0105teczne, zrobi si\u0119 przytulnie i nastrojowo.<\/li><li>W <strong>\u015brod\u0119 6 grudnia<\/strong> Miko\u0142ajki, dlatego <a href=\"https:\/\/www.facebook.com\/samorzadstg?__cft__[0]=AZVv3rFHPWHPHEhSIeIkxZheec_vU1PZ-iDNgQLuSilqK7KlB8QuNqtKdLjKStEPJa4z8w312eF0EQCyB4Y3ncRzvQiBWSIBf4tZKrkIxfCNkxT2kv3aaUhbMeQJ_9JjvqSJ6b84lMVGLdls6P-GNe9Od5NNP6fW8gjdxeWFGlX19lsr4-CsglNFff1zzGpKsG4&amp;__tn__=-]K-R\">Samorz\u0105d Szkolny I LO STG<\/a> przygotowa\u0142 dla Was kolejn\u0105 zabaw\u0119 z cyklu przebierz si\u0119. W tym dniu obowi\u0105zuj\u0105 stroje \u015bwi\u0105teczne.<\/li><li><strong>6-8 grudnia<\/strong> odb\u0119d\u0105 si\u0119 matury pr\u00f3bne. W tych dniach trzeba by\u0107 czujnym, bo zmieni si\u0119 organizacja lekcji w szkole. Niekt\u00f3re b\u0119d\u0105 zawieszone, a pozosta\u0142e b\u0119d\u0105 skr\u00f3cone. Szczeg\u00f3\u0142y znajdziecie tutaj: <a rel=\"noreferrer noopener\" href=\"https:\/\/www.lo.internetdsl.pl\/wp-content\/uploads\/lekcje.jpg\" target=\"_blank\">https:\/\/www.lo.internetdsl.pl\/wp-content\/uploads\/lekcje.jpg<\/a>. Za naszych maturzyst\u00f3w trzymamy kciuki, wiemy \u017ce to dla Was du\u017cy wysi\u0142ek, dlatego tym bardziej wsparcie si\u0119 Wam przyda.<\/li><li><strong>11 grudnia (poniedzia\u0142ek)<\/strong> to Dzie\u0144 Patronki naszej szko\u0142y Marii Sk\u0142odowskiej-Curie, tego dnia, dla klas pierwszych, odb\u0119dzie si\u0119 konkurs. Wszystko na weso\u0142o bez zb\u0119dnej patetyczno\u015bci., ale z odpowiedni\u0105 opraw\u0105. To dla Naszej wybitnej Marii. <\/li><li><strong>20 grudnia (\u015broda)<\/strong> odb\u0119d\u0105 si\u0119 Koncerty \u015awi\u0105teczne. Wszyscy ju\u017c teraz \u0107wicz\u0105 i b\u0119d\u0105 gotowi na ten dzie\u0144. B\u0119dzie uroczy\u015bcie, weso\u0142o i \u015bwi\u0105tecznie. Szymon i jego wspaniali przyjaciele, artystki i arty\u015bci, zawsze daj\u0105 z siebie wszystko, dlatego \u015bwietna zabawa gwarantowana. Ju\u017c teraz nie mo\u017cemy si\u0119 doczeka\u0107. <\/li><li><strong>22 grudnia (pi\u0105tek)<\/strong> odb\u0119d\u0105 si\u0119 Wigilie klasowe. Tego dnia zmieni si\u0119 troch\u0119 uk\u0142ad lekcji. <\/li><li>Do szko\u0142y wracamy <strong>2 stycznia (wtorek)<\/strong> by z energi\u0105 zacz\u0105\u0107 nowy rok.<\/li><li><strong>10-12 stycznia<\/strong> odb\u0119d\u0119 si\u0119 pr\u00f3bne matury, tym razem z przedmiot\u00f3w rozszerzonych. <\/li><li>Do 1<strong>2 stycznia (pi\u0105tek)<\/strong> wystawiamy oceny \u015br\u00f3droczne, dlatego ju\u017c teraz warto si\u0119 przyjrze\u0107 si\u0119 swojej sytuacji ocenowej, aby spokojnie zako\u0144czy\u0107 pierwszy semestr roku szkolnego.<\/li><li><strong>27 stycznia<\/strong> zaczynamy ferie zimowe. Tego dnia odb\u0119dzie si\u0119 Studni\u00f3wka, na kt\u00f3r\u0105 czwartoklasi\u015bci ju\u017c szykuj\u0105 niewiarygodne fiku\u015bne kreacje.<\/li><li><strong>12 lutego (poniedzia\u0142ek)<\/strong> wracamy na\u0142adowani na drugi semestr roku szkolnego i ju\u017c b\u0119dziemy patrze\u0107 w kierunku wakacji.<\/li><\/ul>\n","protected":false},"excerpt":{"rendered":"<p>Powoli zbli\u017camy si\u0119 do ko\u0144ca roku kalendarzowego i do ko\u0144ca roku szkolnego. W tych dw\u00f3ch ostatnich miesi\u0105cach czeka nas du\u017co atrakcji. Co si\u0119 wydarzy? Ju\u017c od poniedzia\u0142ku 4 grudnia b\u0119dziemy &hellip; <a href=\"https:\/\/www.lo.internetdsl.pl\/?p=18535\" class=\"more-link\">Read More<\/a><\/p>\n","protected":false},"author":1,"featured_media":18536,"comment_status":"closed","ping_status":"closed","sticky":false,"template":"","format":"standard","meta":{"ngg_post_thumbnail":0},"categories":[4],"tags":[],"_links":{"self":[{"href":"https:\/\/www.lo.internetdsl.pl\/index.php?rest_route=\/wp\/v2\/posts\/18535"}],"collection":[{"href":"https:\/\/www.lo.internetdsl.pl\/index.php?rest_route=\/wp\/v2\/posts"}],"about":[{"href":"https:\/\/www.lo.internetdsl.pl\/index.php?rest_route=\/wp\/v2\/types\/post"}],"author":[{"embeddable":true,"href":"https:\/\/www.lo.internetdsl.pl\/index.php?rest_route=\/wp\/v2\/users\/1"}],"replies":[{"embeddable":true,"href":"https:\/\/www.lo.internetdsl.pl\/index.php?rest_route=%2Fwp%2Fv2%2Fcomments&post=18535"}],"version-history":[{"count":0,"href":"https:\/\/www.lo.internetdsl.pl\/index.php?rest_route=\/wp\/v2\/posts\/18535\/revisions"}],"wp:featuredmedia":[{"embeddable":true,"href":"https:\/\/www.lo.internetdsl.pl\/index.php?rest_route=\/wp\/v2\/media\/18536"}],"wp:attachment":[{"href":"https:\/\/www.lo.internetdsl.pl\/index.php?rest_route=%2Fwp%2Fv2%2Fmedia&parent=18535"}],"wp:term":[{"taxonomy":"category","embeddable":true,"href":"https:\/\/www.lo.internetdsl.pl\/index.php?rest_route=%2Fwp%2Fv2%2Fcategories&post=18535"},{"taxonomy":"post_tag","embeddable":true,"href":"https:\/\/www.lo.internetdsl.pl\/index.php?rest_route=%2Fwp%2Fv2%2Ftags&post=18535"}],"curies":[{"name":"wp","href":"https:\/\/api.w.org\/{rel}","templated":true}]}}