{"id":1208,"date":"2013-11-22T16:21:10","date_gmt":"2013-11-22T15:21:10","guid":{"rendered":"http:\/\/www.lo.internetdsl.pl\/?p=1208"},"modified":"2013-11-22T16:21:10","modified_gmt":"2013-11-22T15:21:10","slug":"szkolna-wycieczka-do-paryza","status":"publish","type":"post","link":"https:\/\/www.lo.internetdsl.pl\/?p=1208","title":{"rendered":"Szkolna wycieczka do Pary\u017ca"},"content":{"rendered":"<h1 style=\"text-align: center;\">Szkolna wycieczka do Pary\u017ca<\/h1>\n<h3 style=\"text-align: center;\"><span style=\"color: #3366ff;\">W dniach od 12 do 17 czerwca 2014r.<\/span><\/h3>\n<p style=\"text-align: center;\"><a href=\"https:\/\/www.lo.internetdsl.pl\/wp-content\/uploads\/par1.jpg\" rel=\"lightbox[1208]\"><img loading=\"lazy\" class=\"size-medium wp-image-1209\" title=\"par1\" src=\"https:\/\/www.lo.internetdsl.pl\/wp-content\/uploads\/par1-292x300.jpg\" alt=\"\" width=\"292\" height=\"300\" \/><\/a><\/p>\n<p><span style=\"text-decoration: underline;\">1 dzie\u0144<\/span><\/p>\n<p>Wyjazd ze Starogardu Gda\u0144skiego godzina 14.00. Jazda ci\u0105g\u0142a, po drodze kr\u00f3tkie przystanki.<\/p>\n<p><span style=\"text-decoration: underline;\">2 dzie\u0144<\/span><\/p>\n<p>Przyjazd do Reims &#8211; zwiedzanie stolicy Szampanii zwiedzanie katedry &#8211; miejsca koronacji niemal wszystkich kr\u00f3l\u00f3w Francji; spacer po mie\u015bcie: Plac Kr\u00f3lewski, Plac Forum, krypto portyk i Brama Marsowa. Obiadokolacja. Przejazd na zakwaterowanie w hotelu. Nocleg.<\/p>\n<p><span style=\"text-decoration: underline;\">3 dzie\u0144<\/span><\/p>\n<p>Po \u015bniadaniu zwiedzanie Pary\u017ca: Wie\u017ca Eiffle\u2019a, rejs po Sekwanie Muzeum Perfum \u201eFRAGONARD\u201d, Plac Vendome, Opera Garnier; Pont Neuf; wyspa La Cite: Conciergerie, Saint Chapelle, Katedra Notre-Dame; Hotel de Ville \u2013 Ratusz, Centrum Pompidou; obiadokolacja; Powr\u00f3t do hotelu, nocleg.<\/p>\n<p><span style=\"text-decoration: underline;\">4 dzie\u0144<\/span><\/p>\n<p>Po \u015bniadaniu przejazd do PARY\u017bA: zwiedzanie muzeum Luwru; Ogrody Tuilleries , Plac Zgody; zakupy w dzielnicy La Defense; Montmartre: SacreCoeur, Place duTertre, Moulin Rouge, Plac Pigalle; obiadokolacja; Pola Elizejskie wraz z \u0141ukiem Tryumfalnym; wieczorem powr\u00f3t do hotelu na nocleg.<\/p>\n<p><span style=\"text-decoration: underline;\">5dzie\u0144<\/span><\/p>\n<p>Ca\u0142odzienny pobyt w paryskim Disneylandzie\u00a0 &#8211; najwi\u0119kszej, czynnej przez ca\u0142y rok, bajkowej krainy w Europie. A na deser\u2026 <strong>WIELKA PARADA MYSZKI MIKI!!<\/strong><\/p>\n<p>Wieczorem wyjazd do Polski.<\/p>\n<p><span style=\"text-decoration: underline;\">6 dzie\u0144<\/span><\/p>\n<p>Przyjazd do Starogardu Gda\u0144skiego w godzinach wieczornych.<\/p>\n<p align=\"center\"><strong>CENA: r\u00f3wnowarto\u015b\u0107 950z\u0142 + 70\u20ac<\/strong><\/p>\n<p align=\"center\"><strong>Pierwsza wp\u0142ata: 200 z\u0142otych do ko\u0144ca grudnia 2013r.<\/strong><\/p>\n<p><span style=\"text-decoration: underline;\">Cena zawiera:<\/span><\/p>\n<p>Transport autokarem z WC, barem, video, klimatyzacj\u0105, 3 noclegi w hotelu o standardzie turystycznym pod Pary\u017cem, pokoje 3 osobowe z TV,\u00a0 HOTEL FORMULE1, 3 \u015bniadania kontynentalne, 3 obiadokolacje, opiek\u0119 pilota pe\u0142ni\u0105cego obowi\u0105zki przewodnika, ubezpieczenie<\/p>\n<p><span style=\"text-decoration: underline;\">+ Cena nie zawiera<\/span>:<\/p>\n<p>bilet\u00f3w wst\u0119pu do zwiedzanych obiekt\u00f3w (Eurodisneyland, Wie\u017ca Eiffla, rejs po Sekwanie, komunikacji miejskiej, op\u0142aty drogowe, parkingowe i wjazdowe do miast razem ok. <strong>70\u20ac<\/strong><\/p>\n<p><strong>Serdecznie zapraszamy, wst\u0119pne zapisy i szczeg\u00f3\u0142y u pani Izabeli Dmuchowskiej. <\/strong><\/p>\n<p><a href=\"https:\/\/www.lo.internetdsl.pl\/wp-content\/uploads\/par2.jpg\" rel=\"lightbox[1208]\"><img loading=\"lazy\" class=\"size-medium wp-image-1210 aligncenter\" title=\"par2\" src=\"https:\/\/www.lo.internetdsl.pl\/wp-content\/uploads\/par2-277x300.jpg\" alt=\"\" width=\"277\" height=\"300\" \/><\/a><\/p>\n","protected":false},"excerpt":{"rendered":"<p>Szkolna wycieczka do Pary\u017ca W dniach od 12 do 17 czerwca 2014r. 1 dzie\u0144 Wyjazd ze Starogardu Gda\u0144skiego godzina 14.00. Jazda ci\u0105g\u0142a, po drodze kr\u00f3tkie przystanki. 2 dzie\u0144 Przyjazd do &hellip; <a href=\"https:\/\/www.lo.internetdsl.pl\/?p=1208\" class=\"more-link\">Read More<\/a><\/p>\n","protected":false},"author":1,"featured_media":1209,"comment_status":"open","ping_status":"open","sticky":false,"template":"","format":"standard","meta":{"ngg_post_thumbnail":0},"categories":[4],"tags":[],"_links":{"self":[{"href":"https:\/\/www.lo.internetdsl.pl\/index.php?rest_route=\/wp\/v2\/posts\/1208"}],"collection":[{"href":"https:\/\/www.lo.internetdsl.pl\/index.php?rest_route=\/wp\/v2\/posts"}],"about":[{"href":"https:\/\/www.lo.internetdsl.pl\/index.php?rest_route=\/wp\/v2\/types\/post"}],"author":[{"embeddable":true,"href":"https:\/\/www.lo.internetdsl.pl\/index.php?rest_route=\/wp\/v2\/users\/1"}],"replies":[{"embeddable":true,"href":"https:\/\/www.lo.internetdsl.pl\/index.php?rest_route=%2Fwp%2Fv2%2Fcomments&post=1208"}],"version-history":[{"count":0,"href":"https:\/\/www.lo.internetdsl.pl\/index.php?rest_route=\/wp\/v2\/posts\/1208\/revisions"}],"wp:featuredmedia":[{"embeddable":true,"href":"https:\/\/www.lo.internetdsl.pl\/index.php?rest_route=\/wp\/v2\/media\/1209"}],"wp:attachment":[{"href":"https:\/\/www.lo.internetdsl.pl\/index.php?rest_route=%2Fwp%2Fv2%2Fmedia&parent=1208"}],"wp:term":[{"taxonomy":"category","embeddable":true,"href":"https:\/\/www.lo.internetdsl.pl\/index.php?rest_route=%2Fwp%2Fv2%2Fcategories&post=1208"},{"taxonomy":"post_tag","embeddable":true,"href":"https:\/\/www.lo.internetdsl.pl\/index.php?rest_route=%2Fwp%2Fv2%2Ftags&post=1208"}],"curies":[{"name":"wp","href":"https:\/\/api.w.org\/{rel}","templated":true}]}}